{"id":222,"date":"1984-01-10T21:57:00","date_gmt":"1984-01-10T20:57:00","guid":{"rendered":"https:\/\/lucie.lukacovicova.cz\/?p=222"},"modified":"2026-04-11T14:34:37","modified_gmt":"2026-04-11T13:34:37","slug":"publikovane-knihy","status":"publish","type":"post","link":"https:\/\/lucie.lukacovicova.cz\/?p=222","title":{"rendered":"Publikovan\u00e9 knihy * Novels"},"content":{"rendered":"\t\t<div data-elementor-type=\"wp-post\" data-elementor-id=\"222\" class=\"elementor elementor-222\">\n\t\t\t\t\t\t<section class=\"elementor-section elementor-top-section elementor-element elementor-element-7965b0e elementor-section-boxed elementor-section-height-default elementor-section-height-default\" data-id=\"7965b0e\" data-element_type=\"section\" data-e-type=\"section\">\n\t\t\t\t\t\t<div class=\"elementor-container elementor-column-gap-default\">\n\t\t\t\t\t<div class=\"elementor-column elementor-col-100 elementor-top-column elementor-element elementor-element-cb06332\" data-id=\"cb06332\" data-element_type=\"column\" data-e-type=\"column\">\n\t\t\t<div class=\"elementor-widget-wrap elementor-element-populated\">\n\t\t\t\t\t\t<div class=\"elementor-element elementor-element-f15d790 elementor-widget elementor-widget-spacer\" data-id=\"f15d790\" data-element_type=\"widget\" data-e-type=\"widget\" data-widget_type=\"spacer.default\">\n\t\t\t\t<div class=\"elementor-widget-container\">\n\t\t\t\t\t\t\t<div class=\"elementor-spacer\">\n\t\t\t<div class=\"elementor-spacer-inner\"><\/div>\n\t\t<\/div>\n\t\t\t\t\t\t<\/div>\n\t\t\t\t<\/div>\n\t\t\t\t<section class=\"elementor-section elementor-inner-section elementor-element elementor-element-502888b elementor-section-boxed elementor-section-height-default elementor-section-height-default\" data-id=\"502888b\" data-element_type=\"section\" data-e-type=\"section\">\n\t\t\t\t\t\t<div class=\"elementor-container elementor-column-gap-default\">\n\t\t\t\t\t<div class=\"elementor-column elementor-col-50 elementor-inner-column elementor-element elementor-element-bd05e7b\" data-id=\"bd05e7b\" data-element_type=\"column\" data-e-type=\"column\" data-settings=\"{&quot;background_background&quot;:&quot;classic&quot;}\">\n\t\t\t<div class=\"elementor-widget-wrap elementor-element-populated\">\n\t\t\t\t\t\t<div class=\"elementor-element elementor-element-361a8b3 elementor-widget elementor-widget-page-title\" data-id=\"361a8b3\" data-element_type=\"widget\" data-e-type=\"widget\" data-widget_type=\"page-title.default\">\n\t\t\t\t<div class=\"elementor-widget-container\">\n\t\t\t\t\t\t\t\n\t\t<div class=\"hfe-page-title hfe-page-title-wrapper elementor-widget-heading\">\n\n\t\t\t\t\t\t\t\t<h2 class=\"elementor-heading-title elementor-size-default\">\n\t\t\t\t\t\t\t\t\n\t\t\t\tPublikovan\u00e9 knihy * Novels  \n\t\t\t<\/h2 > \n\t\t\t\t\t<\/div>\n\t\t\t\t\t\t<\/div>\n\t\t\t\t<\/div>\n\t\t\t\t<div class=\"elementor-element elementor-element-f203045 elementor-widget__width-initial elementor-widget elementor-widget-text-editor\" data-id=\"f203045\" data-element_type=\"widget\" data-e-type=\"widget\" data-widget_type=\"text-editor.default\">\n\t\t\t\t<div class=\"elementor-widget-container\">\n\t\t\t\t\t\t\t\t\t<ul><li>Vyjednava\u010d (s Janem Hl\u00e1vkou a Juli\u00ed Nov\u00e1kovou), <a href=\"https:\/\/www.brokilon.cz\/kniha\/vyjednavac\/\">Brokilon \u00bb<\/a>, Praha, 2025<\/li><li>Velk\u00e1 bou\u0159e v \u010desk\u00fdch zem\u00edch (s Janem Kotou\u010dem),<br \/><a href=\"https:\/\/www.kosmas.cz\/knihy\/548578\/velka-boure-v-ceskych-zemich-1\/\">Brokilon \u00bb<\/a>, Praha, 2024<\/li><li>Chr\u00e1m Azylu, <a style=\"text-underline-offset: 0.25ch;\" href=\"https:\/\/www.epocha.cz\/kniha\/lucie-lukacovicova-chram-azylu-prvni-vydani-brozovana\/\">Epocha \u00bb<\/a>, Praha, 2024<\/li><li>\u010cepel Azylu,\u00a0<a style=\"text-underline-offset: 0.25ch;\" href=\"https:\/\/www.epocha.cz\/kniha\/lucie-lukacovicova-cepel-azylu-prvni-vydani-brozovana\/\">Epocha \u00bb<\/a>, Praha, 2022<\/li><li>Z\u00e1kon Azylu, <a href=\"https:\/\/www.epocha.cz\/kniha\/lucie-lukacovicova-zakon-azylu-prvni-vydani-brozovana\/\">Epocha \u00bb<\/a>, Praha, 2021<\/li><li>Posledn\u00ed b\u016fh, Poutn\u00edk (Klub Julese Vernea), Praha, 2019<\/li><li>Ho\u0159\u00edc\u00ed k\u016f\u0148, Epocha, Praha, 2017<br \/>(spole\u010dn\u011b s Franti\u0161kou Vrbenskou)<\/li><li>Spark of Eternity, Less Than Three Press, 2017<br \/>novela, <a href=\"https:\/\/lessthanthreepress.com\/books\/index.php?main_page=product_bookx_info&amp;products%3B_id=1437\">e-book \u00bb<\/a><\/li><li>Spark of Thought, Less Than Three Press, 2016 novela, <a href=\"https:\/\/lessthanthreepress.com\/books\/index.php?main_page=product_bookx_info&amp;cPath%3B=92&amp;products%3B_id=1065\">e-book \u00bb<\/a><br \/>&#8212; rovn\u011b\u017e v pap\u00edrov\u00e9m vyd\u00e1n\u00ed\/also in print, in: Dreams from Beyond, nakl. Nov\u00e1 vlna, 2017<\/li><li>Zelen\u00fd drak, Karm\u00ednov\u00fd lev, Konektor XB-1, Praha, 2015<\/li><li>Detektivn\u00ed kancel\u00e1\u0159 Sirius, Straky na vrb\u011b, Praha, 2013<\/li><li>Cesta rud\u00e9 tane\u010dnice I. a II., Epocha, Praha, 2013<br \/>(spole\u010dn\u011b s Petrou Luka\u010dovi\u010dovou a dal\u0161\u00edmi spoluautory)<\/li><li>V\u00e1no\u010dn\u00ed p\u0159\u00edb\u011bh, Alfedus, Praha, 2013<br \/>(spole\u010dn\u011b s Markem Dobe\u0161em)<\/li><li>Stanice Armida, Poutn\u00edk, Praha, 2012<\/li><li>Vl\u00e1dci \u010dasu, Poutn\u00edk, Praha, 2007<\/li><li>Murphyho z\u00e1kony pro \u017eeny ke 20, Ivo \u017delezn\u00fd, Praha, 2004<br \/>(spole\u010dn\u011b s Petrou Luka\u010dovi\u010dovou)<\/li><\/ul>\t\t\t\t\t\t\t\t<\/div>\n\t\t\t\t<\/div>\n\t\t\t\t\t<\/div>\n\t\t<\/div>\n\t\t\t\t<div class=\"elementor-column elementor-col-50 elementor-inner-column elementor-element elementor-element-375bed5\" data-id=\"375bed5\" data-element_type=\"column\" data-e-type=\"column\">\n\t\t\t<div class=\"elementor-widget-wrap\">\n\t\t\t\t\t\t\t<\/div>\n\t\t<\/div>\n\t\t\t\t\t<\/div>\n\t\t<\/section>\n\t\t\t\t\t<\/div>\n\t\t<\/div>\n\t\t\t\t\t<\/div>\n\t\t<\/section>\n\t\t\t\t<\/div>\n\t\t","protected":false},"excerpt":{"rendered":"<p>Publikovan\u00e9 knihy * Novels Vyjednava\u010d (s Janem Hl\u00e1vkou a Juli\u00ed Nov\u00e1kovou), Brokilon \u00bb, Praha, 2025 Velk\u00e1 bou\u0159e v \u010desk\u00fdch zem\u00edch (s Janem Kotou\u010dem),Brokilon \u00bb, Praha, 2024 Chr\u00e1m Azylu, Epocha \u00bb, Praha, 2024 \u010cepel Azylu,\u00a0Epocha \u00bb, Praha, 2022 Z\u00e1kon Azylu, Epocha \u00bb, Praha, 2021 Posledn\u00ed b\u016fh, Poutn\u00edk (Klub Julese Vernea), Praha, 2019 Ho\u0159\u00edc\u00ed k\u016f\u0148, Epocha, Praha, [&hellip;]<\/p>\n","protected":false},"author":1,"featured_media":0,"comment_status":"closed","ping_status":"open","sticky":false,"template":"elementor_header_footer","format":"standard","meta":{"footnotes":""},"categories":[5],"tags":[],"class_list":["post-222","post","type-post","status-publish","format-standard","hentry","category-publikacni-cinnost-published-works"],"_links":{"self":[{"href":"https:\/\/lucie.lukacovicova.cz\/index.php?rest_route=\/wp\/v2\/posts\/222","targetHints":{"allow":["GET"]}}],"collection":[{"href":"https:\/\/lucie.lukacovicova.cz\/index.php?rest_route=\/wp\/v2\/posts"}],"about":[{"href":"https:\/\/lucie.lukacovicova.cz\/index.php?rest_route=\/wp\/v2\/types\/post"}],"author":[{"embeddable":true,"href":"https:\/\/lucie.lukacovicova.cz\/index.php?rest_route=\/wp\/v2\/users\/1"}],"replies":[{"embeddable":true,"href":"https:\/\/lucie.lukacovicova.cz\/index.php?rest_route=%2Fwp%2Fv2%2Fcomments&post=222"}],"version-history":[{"count":77,"href":"https:\/\/lucie.lukacovicova.cz\/index.php?rest_route=\/wp\/v2\/posts\/222\/revisions"}],"predecessor-version":[{"id":709,"href":"https:\/\/lucie.lukacovicova.cz\/index.php?rest_route=\/wp\/v2\/posts\/222\/revisions\/709"}],"wp:attachment":[{"href":"https:\/\/lucie.lukacovicova.cz\/index.php?rest_route=%2Fwp%2Fv2%2Fmedia&parent=222"}],"wp:term":[{"taxonomy":"category","embeddable":true,"href":"https:\/\/lucie.lukacovicova.cz\/index.php?rest_route=%2Fwp%2Fv2%2Fcategories&post=222"},{"taxonomy":"post_tag","embeddable":true,"href":"https:\/\/lucie.lukacovicova.cz\/index.php?rest_route=%2Fwp%2Fv2%2Ftags&post=222"}],"curies":[{"name":"wp","href":"https:\/\/api.w.org\/{rel}","templated":true}]}}